{"id":2361,"date":"2022-06-01T15:03:00","date_gmt":"2022-06-01T15:03:00","guid":{"rendered":"https:\/\/www.sentinelles.org\/la-maladie-du-noma-a-zinder-quelle-prise-en-charge\/"},"modified":"2022-06-01T15:13:24","modified_gmt":"2022-06-01T15:13:24","slug":"la-maladie-du-noma-a-zinder-quelle-prise-en-charge","status":"publish","type":"post","link":"https:\/\/www.sentinelles.org\/de\/la-maladie-du-noma-a-zinder-quelle-prise-en-charge\/","title":{"rendered":"Noma in Zinder: Welche Betreuung?"},"content":{"rendered":"\n<p>Im Rahmen der Sensibilisierungsaktivit\u00e4ten des Sentinels in Niger konnte unser Team f\u00fcr die Dauer eines Forums des Studio Kalangou das Wort ergreifen, das von \u00fcber 50 Radiosendern in Niger ausgestrahlt wurde.<\/p>\n\n\n\n<p>Wie werden Kinder mit Noma behandelt, wie kann man der Krankheit vorbeugen und sie erkennen, was sind die Risikofaktoren f\u00fcr Noma\u2026etc. All diese Fragen wurden von unseren Mitarbeitern pr\u00e4zise und engagiert beantwortet.<\/p>\n\n\n\n<p>Dieses Forum kommt genau zum richtigen Zeitpunkt, da eine gro\u00dfe Bewegung initiiert wird, um Noma auf die Liste der vernachl\u00e4ssigten Tropenkrankheiten der WHO zu setzen.<\/p>\n\n\n\n<p><a href=\"https:\/\/www.studiokalangou.org\/72920-maladie-noma-zinder...\">Link zum Anh\u00f6ren oder Herunterladen der Sendung<\/a> (franz\u00f6sische Version)<\/p>\n","protected":false},"excerpt":{"rendered":"<p>Im Rahmen der Sensibilisierungsaktivit\u00e4ten des Sentinels in Niger konnte unser Team f\u00fcr die Dauer eines Forums des Studio Kalangou das &#8230;<\/p>\n","protected":false},"author":1,"featured_media":2349,"comment_status":"closed","ping_status":"closed","sticky":false,"template":"","format":"standard","meta":{"_acf_changed":false,"footnotes":""},"categories":[3],"tags":[],"class_list":["post-2361","post","type-post","status-publish","format-standard","has-post-thumbnail","hentry","category-unkategorisiert"],"acf":[],"yoast_head":"<!-- This site is optimized with the Yoast SEO plugin v27.5 - https:\/\/yoast.com\/product\/yoast-seo-wordpress\/ -->\n<title>Noma in Zinder: Welche Betreuung? - Sentinelles<\/title>\n<meta name=\"robots\" content=\"index, follow, max-snippet:-1, max-image-preview:large, max-video-preview:-1\" \/>\n<link rel=\"canonical\" href=\"https:\/\/www.sentinelles.org\/de\/la-maladie-du-noma-a-zinder-quelle-prise-en-charge\/\" \/>\n<meta property=\"og:locale\" content=\"de_DE\" \/>\n<meta property=\"og:type\" content=\"article\" \/>\n<meta property=\"og:title\" content=\"Noma in Zinder: Welche Betreuung? - Sentinelles\" \/>\n<meta property=\"og:description\" content=\"Im Rahmen der Sensibilisierungsaktivit\u00e4ten des Sentinels in Niger konnte unser Team f\u00fcr die Dauer eines Forums des Studio Kalangou das ...\" \/>\n<meta property=\"og:url\" content=\"https:\/\/www.sentinelles.org\/de\/la-maladie-du-noma-a-zinder-quelle-prise-en-charge\/\" \/>\n<meta property=\"og:site_name\" content=\"Sentinelles\" \/>\n<meta property=\"article:publisher\" content=\"https:\/\/www.facebook.com\/pages\/Sentinelles\/335130356606656\" \/>\n<meta property=\"article:published_time\" content=\"2022-06-01T15:03:00+00:00\" \/>\n<meta property=\"article:modified_time\" content=\"2022-06-01T15:13:24+00:00\" \/>\n<meta property=\"og:image\" content=\"https:\/\/www.sentinelles.org\/wp-content\/uploads\/2022\/06\/maladie-noma-zinder-prise-charge.jpeg\" \/>\n\t<meta property=\"og:image:width\" content=\"640\" \/>\n\t<meta property=\"og:image:height\" content=\"384\" \/>\n\t<meta property=\"og:image:type\" content=\"image\/jpeg\" \/>\n<meta name=\"author\" content=\"wis17\" \/>\n<meta name=\"twitter:card\" content=\"summary_large_image\" \/>\n<meta name=\"twitter:label1\" content=\"Verfasst von\" \/>\n\t<meta name=\"twitter:data1\" content=\"wis17\" \/>\n\t<meta name=\"twitter:label2\" content=\"Gesch\u00e4tzte Lesezeit\" \/>\n\t<meta name=\"twitter:data2\" content=\"1\u00a0Minute\" \/>\n<script type=\"application\/ld+json\" class=\"yoast-schema-graph\">{\"@context\":\"https:\\\/\\\/schema.org\",\"@graph\":[{\"@type\":\"Article\",\"@id\":\"https:\\\/\\\/www.sentinelles.org\\\/de\\\/la-maladie-du-noma-a-zinder-quelle-prise-en-charge\\\/#article\",\"isPartOf\":{\"@id\":\"https:\\\/\\\/www.sentinelles.org\\\/de\\\/la-maladie-du-noma-a-zinder-quelle-prise-en-charge\\\/\"},\"author\":{\"name\":\"wis17\",\"@id\":\"https:\\\/\\\/www.sentinelles.org\\\/de\\\/#\\\/schema\\\/person\\\/2e6b14f743db03f054971231bb6c0c38\"},\"headline\":\"Noma in Zinder: Welche Betreuung?\",\"datePublished\":\"2022-06-01T15:03:00+00:00\",\"dateModified\":\"2022-06-01T15:13:24+00:00\",\"mainEntityOfPage\":{\"@id\":\"https:\\\/\\\/www.sentinelles.org\\\/de\\\/la-maladie-du-noma-a-zinder-quelle-prise-en-charge\\\/\"},\"wordCount\":110,\"publisher\":{\"@id\":\"https:\\\/\\\/www.sentinelles.org\\\/de\\\/#organization\"},\"image\":{\"@id\":\"https:\\\/\\\/www.sentinelles.org\\\/de\\\/la-maladie-du-noma-a-zinder-quelle-prise-en-charge\\\/#primaryimage\"},\"thumbnailUrl\":\"https:\\\/\\\/www.sentinelles.org\\\/wp-content\\\/uploads\\\/2022\\\/06\\\/maladie-noma-zinder-prise-charge.jpeg\",\"articleSection\":[\"Unkategorisiert\"],\"inLanguage\":\"de\"},{\"@type\":\"WebPage\",\"@id\":\"https:\\\/\\\/www.sentinelles.org\\\/de\\\/la-maladie-du-noma-a-zinder-quelle-prise-en-charge\\\/\",\"url\":\"https:\\\/\\\/www.sentinelles.org\\\/de\\\/la-maladie-du-noma-a-zinder-quelle-prise-en-charge\\\/\",\"name\":\"Noma in Zinder: Welche Betreuung? - Sentinelles\",\"isPartOf\":{\"@id\":\"https:\\\/\\\/www.sentinelles.org\\\/de\\\/#website\"},\"primaryImageOfPage\":{\"@id\":\"https:\\\/\\\/www.sentinelles.org\\\/de\\\/la-maladie-du-noma-a-zinder-quelle-prise-en-charge\\\/#primaryimage\"},\"image\":{\"@id\":\"https:\\\/\\\/www.sentinelles.org\\\/de\\\/la-maladie-du-noma-a-zinder-quelle-prise-en-charge\\\/#primaryimage\"},\"thumbnailUrl\":\"https:\\\/\\\/www.sentinelles.org\\\/wp-content\\\/uploads\\\/2022\\\/06\\\/maladie-noma-zinder-prise-charge.jpeg\",\"datePublished\":\"2022-06-01T15:03:00+00:00\",\"dateModified\":\"2022-06-01T15:13:24+00:00\",\"breadcrumb\":{\"@id\":\"https:\\\/\\\/www.sentinelles.org\\\/de\\\/la-maladie-du-noma-a-zinder-quelle-prise-en-charge\\\/#breadcrumb\"},\"inLanguage\":\"de\",\"potentialAction\":[{\"@type\":\"ReadAction\",\"target\":[\"https:\\\/\\\/www.sentinelles.org\\\/de\\\/la-maladie-du-noma-a-zinder-quelle-prise-en-charge\\\/\"]}]},{\"@type\":\"ImageObject\",\"inLanguage\":\"de\",\"@id\":\"https:\\\/\\\/www.sentinelles.org\\\/de\\\/la-maladie-du-noma-a-zinder-quelle-prise-en-charge\\\/#primaryimage\",\"url\":\"https:\\\/\\\/www.sentinelles.org\\\/wp-content\\\/uploads\\\/2022\\\/06\\\/maladie-noma-zinder-prise-charge.jpeg\",\"contentUrl\":\"https:\\\/\\\/www.sentinelles.org\\\/wp-content\\\/uploads\\\/2022\\\/06\\\/maladie-noma-zinder-prise-charge.jpeg\",\"width\":640,\"height\":384},{\"@type\":\"BreadcrumbList\",\"@id\":\"https:\\\/\\\/www.sentinelles.org\\\/de\\\/la-maladie-du-noma-a-zinder-quelle-prise-en-charge\\\/#breadcrumb\",\"itemListElement\":[{\"@type\":\"ListItem\",\"position\":1,\"name\":\"Home\",\"item\":\"https:\\\/\\\/www.sentinelles.org\\\/de\\\/\"},{\"@type\":\"ListItem\",\"position\":2,\"name\":\"Noma in Zinder: Welche Betreuung?\"}]},{\"@type\":\"WebSite\",\"@id\":\"https:\\\/\\\/www.sentinelles.org\\\/de\\\/#website\",\"url\":\"https:\\\/\\\/www.sentinelles.org\\\/de\\\/\",\"name\":\"Sentinelles\",\"description\":\"\",\"publisher\":{\"@id\":\"https:\\\/\\\/www.sentinelles.org\\\/de\\\/#organization\"},\"potentialAction\":[{\"@type\":\"SearchAction\",\"target\":{\"@type\":\"EntryPoint\",\"urlTemplate\":\"https:\\\/\\\/www.sentinelles.org\\\/de\\\/?s={search_term_string}\"},\"query-input\":{\"@type\":\"PropertyValueSpecification\",\"valueRequired\":true,\"valueName\":\"search_term_string\"}}],\"inLanguage\":\"de\"},{\"@type\":\"Organization\",\"@id\":\"https:\\\/\\\/www.sentinelles.org\\\/de\\\/#organization\",\"name\":\"Sentinelles\",\"url\":\"https:\\\/\\\/www.sentinelles.org\\\/de\\\/\",\"logo\":{\"@type\":\"ImageObject\",\"inLanguage\":\"de\",\"@id\":\"https:\\\/\\\/www.sentinelles.org\\\/de\\\/#\\\/schema\\\/logo\\\/image\\\/\",\"url\":\"https:\\\/\\\/www.sentinelles.org\\\/wp-content\\\/uploads\\\/2021\\\/06\\\/logo-large-en-1.png\",\"contentUrl\":\"https:\\\/\\\/www.sentinelles.org\\\/wp-content\\\/uploads\\\/2021\\\/06\\\/logo-large-en-1.png\",\"width\":461,\"height\":110,\"caption\":\"Sentinelles\"},\"image\":{\"@id\":\"https:\\\/\\\/www.sentinelles.org\\\/de\\\/#\\\/schema\\\/logo\\\/image\\\/\"},\"sameAs\":[\"https:\\\/\\\/www.facebook.com\\\/pages\\\/Sentinelles\\\/335130356606656\",\"https:\\\/\\\/www.linkedin.com\\\/company\\\/fondation-sentinelles\\\/\",\"http:\\\/\\\/instagram.com\\\/fondationsentinelles\"]},{\"@type\":\"Person\",\"@id\":\"https:\\\/\\\/www.sentinelles.org\\\/de\\\/#\\\/schema\\\/person\\\/2e6b14f743db03f054971231bb6c0c38\",\"name\":\"wis17\",\"image\":{\"@type\":\"ImageObject\",\"inLanguage\":\"de\",\"@id\":\"https:\\\/\\\/secure.gravatar.com\\\/avatar\\\/4f7e9b2aeda3768b9d22bc8ae806830689d0a66d4a34169cb83fb28018996f65?s=96&d=mm&r=g\",\"url\":\"https:\\\/\\\/secure.gravatar.com\\\/avatar\\\/4f7e9b2aeda3768b9d22bc8ae806830689d0a66d4a34169cb83fb28018996f65?s=96&d=mm&r=g\",\"contentUrl\":\"https:\\\/\\\/secure.gravatar.com\\\/avatar\\\/4f7e9b2aeda3768b9d22bc8ae806830689d0a66d4a34169cb83fb28018996f65?s=96&d=mm&r=g\",\"caption\":\"wis17\"},\"sameAs\":[\"https:\\\/\\\/www.sentinelles.org\"]}]}<\/script>\n<!-- \/ Yoast SEO plugin. -->","yoast_head_json":{"title":"Noma in Zinder: Welche Betreuung? - Sentinelles","robots":{"index":"index","follow":"follow","max-snippet":"max-snippet:-1","max-image-preview":"max-image-preview:large","max-video-preview":"max-video-preview:-1"},"canonical":"https:\/\/www.sentinelles.org\/de\/la-maladie-du-noma-a-zinder-quelle-prise-en-charge\/","og_locale":"de_DE","og_type":"article","og_title":"Noma in Zinder: Welche Betreuung? - Sentinelles","og_description":"Im Rahmen der Sensibilisierungsaktivit\u00e4ten des Sentinels in Niger konnte unser Team f\u00fcr die Dauer eines Forums des Studio Kalangou das ...","og_url":"https:\/\/www.sentinelles.org\/de\/la-maladie-du-noma-a-zinder-quelle-prise-en-charge\/","og_site_name":"Sentinelles","article_publisher":"https:\/\/www.facebook.com\/pages\/Sentinelles\/335130356606656","article_published_time":"2022-06-01T15:03:00+00:00","article_modified_time":"2022-06-01T15:13:24+00:00","og_image":[{"width":640,"height":384,"url":"https:\/\/www.sentinelles.org\/wp-content\/uploads\/2022\/06\/maladie-noma-zinder-prise-charge.jpeg","type":"image\/jpeg"}],"author":"wis17","twitter_card":"summary_large_image","twitter_misc":{"Verfasst von":"wis17","Gesch\u00e4tzte Lesezeit":"1\u00a0Minute"},"schema":{"@context":"https:\/\/schema.org","@graph":[{"@type":"Article","@id":"https:\/\/www.sentinelles.org\/de\/la-maladie-du-noma-a-zinder-quelle-prise-en-charge\/#article","isPartOf":{"@id":"https:\/\/www.sentinelles.org\/de\/la-maladie-du-noma-a-zinder-quelle-prise-en-charge\/"},"author":{"name":"wis17","@id":"https:\/\/www.sentinelles.org\/de\/#\/schema\/person\/2e6b14f743db03f054971231bb6c0c38"},"headline":"Noma in Zinder: Welche Betreuung?","datePublished":"2022-06-01T15:03:00+00:00","dateModified":"2022-06-01T15:13:24+00:00","mainEntityOfPage":{"@id":"https:\/\/www.sentinelles.org\/de\/la-maladie-du-noma-a-zinder-quelle-prise-en-charge\/"},"wordCount":110,"publisher":{"@id":"https:\/\/www.sentinelles.org\/de\/#organization"},"image":{"@id":"https:\/\/www.sentinelles.org\/de\/la-maladie-du-noma-a-zinder-quelle-prise-en-charge\/#primaryimage"},"thumbnailUrl":"https:\/\/www.sentinelles.org\/wp-content\/uploads\/2022\/06\/maladie-noma-zinder-prise-charge.jpeg","articleSection":["Unkategorisiert"],"inLanguage":"de"},{"@type":"WebPage","@id":"https:\/\/www.sentinelles.org\/de\/la-maladie-du-noma-a-zinder-quelle-prise-en-charge\/","url":"https:\/\/www.sentinelles.org\/de\/la-maladie-du-noma-a-zinder-quelle-prise-en-charge\/","name":"Noma in Zinder: Welche Betreuung? - Sentinelles","isPartOf":{"@id":"https:\/\/www.sentinelles.org\/de\/#website"},"primaryImageOfPage":{"@id":"https:\/\/www.sentinelles.org\/de\/la-maladie-du-noma-a-zinder-quelle-prise-en-charge\/#primaryimage"},"image":{"@id":"https:\/\/www.sentinelles.org\/de\/la-maladie-du-noma-a-zinder-quelle-prise-en-charge\/#primaryimage"},"thumbnailUrl":"https:\/\/www.sentinelles.org\/wp-content\/uploads\/2022\/06\/maladie-noma-zinder-prise-charge.jpeg","datePublished":"2022-06-01T15:03:00+00:00","dateModified":"2022-06-01T15:13:24+00:00","breadcrumb":{"@id":"https:\/\/www.sentinelles.org\/de\/la-maladie-du-noma-a-zinder-quelle-prise-en-charge\/#breadcrumb"},"inLanguage":"de","potentialAction":[{"@type":"ReadAction","target":["https:\/\/www.sentinelles.org\/de\/la-maladie-du-noma-a-zinder-quelle-prise-en-charge\/"]}]},{"@type":"ImageObject","inLanguage":"de","@id":"https:\/\/www.sentinelles.org\/de\/la-maladie-du-noma-a-zinder-quelle-prise-en-charge\/#primaryimage","url":"https:\/\/www.sentinelles.org\/wp-content\/uploads\/2022\/06\/maladie-noma-zinder-prise-charge.jpeg","contentUrl":"https:\/\/www.sentinelles.org\/wp-content\/uploads\/2022\/06\/maladie-noma-zinder-prise-charge.jpeg","width":640,"height":384},{"@type":"BreadcrumbList","@id":"https:\/\/www.sentinelles.org\/de\/la-maladie-du-noma-a-zinder-quelle-prise-en-charge\/#breadcrumb","itemListElement":[{"@type":"ListItem","position":1,"name":"Home","item":"https:\/\/www.sentinelles.org\/de\/"},{"@type":"ListItem","position":2,"name":"Noma in Zinder: Welche Betreuung?"}]},{"@type":"WebSite","@id":"https:\/\/www.sentinelles.org\/de\/#website","url":"https:\/\/www.sentinelles.org\/de\/","name":"Sentinelles","description":"","publisher":{"@id":"https:\/\/www.sentinelles.org\/de\/#organization"},"potentialAction":[{"@type":"SearchAction","target":{"@type":"EntryPoint","urlTemplate":"https:\/\/www.sentinelles.org\/de\/?s={search_term_string}"},"query-input":{"@type":"PropertyValueSpecification","valueRequired":true,"valueName":"search_term_string"}}],"inLanguage":"de"},{"@type":"Organization","@id":"https:\/\/www.sentinelles.org\/de\/#organization","name":"Sentinelles","url":"https:\/\/www.sentinelles.org\/de\/","logo":{"@type":"ImageObject","inLanguage":"de","@id":"https:\/\/www.sentinelles.org\/de\/#\/schema\/logo\/image\/","url":"https:\/\/www.sentinelles.org\/wp-content\/uploads\/2021\/06\/logo-large-en-1.png","contentUrl":"https:\/\/www.sentinelles.org\/wp-content\/uploads\/2021\/06\/logo-large-en-1.png","width":461,"height":110,"caption":"Sentinelles"},"image":{"@id":"https:\/\/www.sentinelles.org\/de\/#\/schema\/logo\/image\/"},"sameAs":["https:\/\/www.facebook.com\/pages\/Sentinelles\/335130356606656","https:\/\/www.linkedin.com\/company\/fondation-sentinelles\/","http:\/\/instagram.com\/fondationsentinelles"]},{"@type":"Person","@id":"https:\/\/www.sentinelles.org\/de\/#\/schema\/person\/2e6b14f743db03f054971231bb6c0c38","name":"wis17","image":{"@type":"ImageObject","inLanguage":"de","@id":"https:\/\/secure.gravatar.com\/avatar\/4f7e9b2aeda3768b9d22bc8ae806830689d0a66d4a34169cb83fb28018996f65?s=96&d=mm&r=g","url":"https:\/\/secure.gravatar.com\/avatar\/4f7e9b2aeda3768b9d22bc8ae806830689d0a66d4a34169cb83fb28018996f65?s=96&d=mm&r=g","contentUrl":"https:\/\/secure.gravatar.com\/avatar\/4f7e9b2aeda3768b9d22bc8ae806830689d0a66d4a34169cb83fb28018996f65?s=96&d=mm&r=g","caption":"wis17"},"sameAs":["https:\/\/www.sentinelles.org"]}]}},"_links":{"self":[{"href":"https:\/\/www.sentinelles.org\/de\/wp-json\/wp\/v2\/posts\/2361","targetHints":{"allow":["GET"]}}],"collection":[{"href":"https:\/\/www.sentinelles.org\/de\/wp-json\/wp\/v2\/posts"}],"about":[{"href":"https:\/\/www.sentinelles.org\/de\/wp-json\/wp\/v2\/types\/post"}],"author":[{"embeddable":true,"href":"https:\/\/www.sentinelles.org\/de\/wp-json\/wp\/v2\/users\/1"}],"replies":[{"embeddable":true,"href":"https:\/\/www.sentinelles.org\/de\/wp-json\/wp\/v2\/comments?post=2361"}],"version-history":[{"count":0,"href":"https:\/\/www.sentinelles.org\/de\/wp-json\/wp\/v2\/posts\/2361\/revisions"}],"wp:featuredmedia":[{"embeddable":true,"href":"https:\/\/www.sentinelles.org\/de\/wp-json\/wp\/v2\/media\/2349"}],"wp:attachment":[{"href":"https:\/\/www.sentinelles.org\/de\/wp-json\/wp\/v2\/media?parent=2361"}],"wp:term":[{"taxonomy":"category","embeddable":true,"href":"https:\/\/www.sentinelles.org\/de\/wp-json\/wp\/v2\/categories?post=2361"},{"taxonomy":"post_tag","embeddable":true,"href":"https:\/\/www.sentinelles.org\/de\/wp-json\/wp\/v2\/tags?post=2361"}],"curies":[{"name":"wp","href":"https:\/\/api.w.org\/{rel}","templated":true}]}}